{"id":5676311,"date":"2026-07-10T12:49:19","date_gmt":"2026-07-10T12:49:19","guid":{"rendered":"https:\/\/teamtronic.dk\/?p=5676311"},"modified":"2026-08-06T11:58:16","modified_gmt":"2026-08-06T11:58:16","slug":"synergien-mellem-loft-og-lys-saadan-minimeres-risikoen-i-projekteringsfasen","status":"publish","type":"post","link":"https:\/\/teamtronic.dk\/de\/synergien-mellem-loft-og-lys-saadan-minimeres-risikoen-i-projekteringsfasen\/","title":{"rendered":"Synergien zwischen Decke und Licht: Risikominimierung in der Planungsphase"},"content":{"rendered":"<div class=\"vc_row wpb_row vc_row-fluid\"><div class=\"wpb_column vc_column_container vc_col-sm-12\"><div class=\"vc_column-inner\"><div class=\"wpb_wrapper\"><div class=\"norebro-text-sc\" \r\n\tid=\"norebro-custom-6a9bd18c74f15\" \r\n\t \r\n\t>\r\n\r\n\t<h1 style=\"font-weight: 400;\"><strong>Synergien zwischen Decke und Licht: Risikominimierung in der Planungsphase<\/strong><\/h1>\n\t\r\n<\/div><\/div><\/div><\/div><\/div><div class=\"vc_row wpb_row vc_row-fluid\"><div class=\"wpb_column vc_column_container vc_col-sm-12\"><div class=\"vc_column-inner\"><div class=\"wpb_wrapper\"><div class=\"vc_empty_space\"   style=\"height: 22px\"><span class=\"vc_empty_space_inner\"><\/span><\/div><div class=\"norebro-text-sc\" \r\n\tid=\"norebro-custom-6a9bd18c752ed\" \r\n\t \r\n\t>\r\n\r\n\t<p style=\"font-weight: 400;\">Bei gr\u00f6\u00dferen Bauprojekten entstehen Fehler selten innerhalb einzelner Fachbereiche. Sie treten am h\u00e4ufigsten dort auf, wo Dinge aufeinandertreffen. Insbesondere an der Schnittstelle zwischen Deckensystemen und integrierter Beleuchtung k\u00f6nnen sowohl bei Neubauten als auch bei Renovierungen Herausforderungen entstehen, wenn die L\u00f6sungen nicht von Beginn des Projekts an mitgedacht wurden.<\/p>\n<p style=\"font-weight: 400;\">Bei Teamtronic sind wir auf integrierte Beleuchtungsl\u00f6sungen spezialisiert. Durch langj\u00e4hrige Erfahrung mit einer Vielzahl von Deckensystemen und eine enge Zusammenarbeit mit Deckenherstellern unterst\u00fctzen wir Architekten und Planer dabei, praktikable L\u00f6sungen zu schaffen \u2013 nicht nur auf dem Rei\u00dfbrett.<\/p>\n\t\r\n<\/div><div class=\"vc_empty_space\"   style=\"height: 22px\"><span class=\"vc_empty_space_inner\"><\/span><\/div><div class=\"norebro-text-sc\" \r\n\tid=\"norebro-custom-6a9bd18c75396\" \r\n\t \r\n\t>\r\n\r\n\t<div>\n<h2 style=\"font-weight: 400;\"><strong>Fr\u00fche Lichtplanung vermeidet tote Winkel<\/strong><\/h2>\n<\/div>\n\t\r\n<\/div><div class=\"vc_empty_space\"   style=\"height: 22px\"><span class=\"vc_empty_space_inner\"><\/span><\/div><\/div><\/div><\/div><\/div><div class=\"vc_row wpb_row vc_row-fluid\"><div class=\"wpb_column vc_column_container vc_col-sm-8\"><div class=\"vc_column-inner\"><div class=\"wpb_wrapper\"><div class=\"norebro-text-sc\" \r\n\tid=\"norebro-custom-6a9bd18c7561d\" \r\n\t \r\n\t>\r\n\r\n\t<p style=\"font-weight: 400;\">Wenn Linienprofile in ein abgeh\u00e4ngtes Deckensystem integriert werden, entstehen verschiedene Schnittstellen zwischen Decke, Beleuchtung und Architektur. Dies erh\u00f6ht die Komplexit\u00e4t der Planung und stellt h\u00f6here Anforderungen an die Koordination der beteiligten Gewerke. Daher ist es von gro\u00dfem Wert, bereits zu Beginn des Projekts einen Beleuchtungspartner mit Erfahrung in Decken- und integrierten Linienprofilsystemen einzubeziehen.<\/p>\n<p style=\"font-weight: 400;\">Indem wir uns fr\u00fchzeitig in die Projektierung einbeziehen, helfen wir, Herausforderungen zu identifizieren, bevor sie zu kostspieligen \u00c4nderungen w\u00e4hrend der Ausf\u00fchrung werden. Gemeinsam erreichen wir:<\/p>\n\t\r\n<\/div><div class=\"vc_empty_space\"   style=\"height: 12px\"><span class=\"vc_empty_space_inner\"><\/span><\/div><div class=\"norebro-text-sc\" \r\n\tid=\"norebro-custom-6a9bd18c756b8\" \r\n\t \r\n\t>\r\n\r\n\t<ul>\n<li>Sikkerhed for, at den valgte linjeprofil kan integreres i det \u00f8nskede loftsystem.<\/li>\n<li>Beratung zu Platzierung und Integration in das Deckensystem, damit die Modulbauweise, die Linienprofile der Decke und die architektonischen Linien zusammenwirken. Dadurch werden unerw\u00fcnschte Verschiebungen vermieden, die dazu f\u00fchren k\u00f6nnen, dass Achsen und Fluchtlinien nicht mehr \u00fcbereinstimmen.<\/li>\n<li>Klare Schnittstellen und eine einfachere Koordination zwischen Architekt, Deckenlieferant, Deckenunternehmer und Elektroinstallateur<\/li>\n<\/ul>\n\t\r\n<\/div><div class=\"vc_empty_space\"   style=\"height: 22px\"><span class=\"vc_empty_space_inner\"><\/span><\/div><div class=\"norebro-text-sc\" \r\n\tid=\"norebro-custom-6a9bd18c75737\" \r\n\t \r\n\t>\r\n\r\n\t<h2 style=\"font-weight: 400;\"><strong>Wir kennen Deckensysteme und die M\u00f6glichkeiten<\/strong><\/h2>\n\t\r\n<\/div><div class=\"vc_empty_space\"   style=\"height: 22px\"><span class=\"vc_empty_space_inner\"><\/span><\/div><div class=\"norebro-text-sc\" \r\n\tid=\"norebro-custom-6a9bd18c757b5\" \r\n\t \r\n\t>\r\n\r\n\t<p style=\"font-weight: 400;\">Nicht alle Projekte lassen sich mit Standardl\u00f6sungen l\u00f6sen. Wenn besondere Anforderungen an L\u00e4ngen, Abschl\u00fcsse oder <a href=\"https:\/\/teamtronic.dk\/de\/integration-i-loftsystemer\/\">Integration in das Aufzugssystem<\/a>, erfordert dies oft mehr als eine Standardarmatur.<\/p>\n<p style=\"font-weight: 400;\">Bei Teamtronic verf\u00fcgen wir \u00fcber langj\u00e4hrige Erfahrung mit den Deckensystemen des Marktes und arbeiten eng mit den f\u00fchrenden Deckenlieferanten zusammen. Gleichzeitig verf\u00fcgen wir \u00fcber eine eigene technische Abteilung, in der wir L\u00f6sungen f\u00fcr jedes Projekt entwickeln und anpassen.<\/p>\n<p><span style=\"font-weight: 400;\">Das bedeutet, dass wir Beleuchtung nach Ma\u00df liefern, Linienprofile in Sonderl\u00e4ngen fertigen und Details wie Endkappen, Verbindungsteile und andere konstruktive L\u00f6sungen anpassen k\u00f6nnen, sodass die Beleuchtung die architektonische Idee unterst\u00fctzt. <\/span><\/p>\n\t\r\n<\/div><\/div><\/div><\/div><div class=\"wpb_column vc_column_container vc_col-sm-4\"><div class=\"vc_column-inner\"><div class=\"wpb_wrapper\">\n\t<div  class=\"wpb_single_image wpb_content_element vc_align_left\">\n\t\t\n\t\t<figure class=\"wpb_wrapper vc_figure\">\n\t\t\t<div class=\"vc_single_image-wrapper   vc_box_border_grey\"><img loading=\"lazy\" decoding=\"async\" width=\"640\" height=\"427\" src=\"https:\/\/teamtronic.dk\/wp-content\/smush-webp\/2026\/05\/DSC_0729.jpg.webp\" class=\"vc_single_image-img attachment-large\" alt=\"\" srcset=\"https:\/\/teamtronic.dk\/wp-content\/smush-webp\/2026\/05\/DSC_0729.jpg.webp 1024w, https:\/\/teamtronic.dk\/wp-content\/smush-webp\/2026\/05\/DSC_0729-300x200.jpg.webp 300w, https:\/\/teamtronic.dk\/wp-content\/smush-webp\/2026\/05\/DSC_0729-768x512.jpg.webp 768w, https:\/\/teamtronic.dk\/wp-content\/smush-webp\/2026\/05\/DSC_0729-18x12.jpg.webp 18w\" sizes=\"auto, (max-width: 640px) 100vw, 640px\" \/><\/div>\n\t\t<\/figure>\n\t<\/div>\n<div class=\"vc_empty_space\"   style=\"height: 32px\"><span class=\"vc_empty_space_inner\"><\/span><\/div><div class=\"vc_empty_space\"   style=\"height: 32px\"><span class=\"vc_empty_space_inner\"><\/span><\/div>\n\t<div  class=\"wpb_single_image wpb_content_element vc_align_left\">\n\t\t\n\t\t<figure class=\"wpb_wrapper vc_figure\">\n\t\t\t<div class=\"vc_single_image-wrapper   vc_box_border_grey\"><img loading=\"lazy\" decoding=\"async\" width=\"640\" height=\"427\" src=\"https:\/\/teamtronic.dk\/wp-content\/smush-webp\/2026\/05\/DSC_0900.jpg.webp\" class=\"vc_single_image-img attachment-large\" alt=\"\" srcset=\"https:\/\/teamtronic.dk\/wp-content\/smush-webp\/2026\/05\/DSC_0900.jpg.webp 1024w, https:\/\/teamtronic.dk\/wp-content\/smush-webp\/2026\/05\/DSC_0900-300x200.jpg.webp 300w, https:\/\/teamtronic.dk\/wp-content\/smush-webp\/2026\/05\/DSC_0900-768x512.jpg.webp 768w, https:\/\/teamtronic.dk\/wp-content\/smush-webp\/2026\/05\/DSC_0900-18x12.jpg.webp 18w\" sizes=\"auto, (max-width: 640px) 100vw, 640px\" \/><\/div>\n\t\t<\/figure>\n\t<\/div>\n<\/div><\/div><\/div><\/div><div class=\"vc_row wpb_row vc_row-fluid\"><div class=\"wpb_column vc_column_container vc_col-sm-12\"><div class=\"vc_column-inner\"><div class=\"wpb_wrapper\"><div class=\"vc_empty_space\"   style=\"height: 42px\"><span class=\"vc_empty_space_inner\"><\/span><\/div><\/div><\/div><\/div><\/div><div class=\"vc_row wpb_row vc_row-fluid\"><div class=\"wpb_column vc_column_container vc_col-sm-12\"><div class=\"vc_column-inner\"><div class=\"wpb_wrapper\"><div class=\"norebro-text-sc\" \r\n\tid=\"norebro-custom-6a9bd18c765f3\" \r\n\t \r\n\t>\r\n\r\n\t<h2 style=\"font-weight: 400;\"><strong>Testet Sicherheit im eigenen Lichtlabor<\/strong><\/h2>\n\t\r\n<\/div><div class=\"vc_empty_space\"   style=\"height: 42px\"><span class=\"vc_empty_space_inner\"><\/span><\/div><\/div><\/div><\/div><\/div><div class=\"vc_row wpb_row vc_row-fluid\"><div class=\"wpb_column vc_column_container vc_col-sm-8\"><div class=\"vc_column-inner\"><div class=\"wpb_wrapper\"><div class=\"norebro-text-sc\" \r\n\tid=\"norebro-custom-6a9bd18c7689c\" \r\n\t \r\n\t>\r\n\r\n\t<p><span data-contrast=\"none\">Bei der Planung gr\u00f6\u00dferer Bauvorhaben ist Dokumentation eine Voraussetzung f\u00fcr die richtigen Entscheidungen. Deshalb testen und dokumentieren wir unsere L\u00f6sungen in unserem eigenen <a href=\"https:\/\/teamtronic.dk\/de\/eget-lyslaboratorium\/\">Lichtlabor<\/a>.<\/span><span data-ccp-props=\"{&quot;335559738&quot;:240,&quot;335559739&quot;:240}\">\u00a0<\/span><\/p>\n<p><span data-contrast=\"none\">Hier messen und dokumentieren wir unter anderem die Lichtverteilung und die technische Leistung der Leuchten, damit Architekten und Planer eine solide Grundlage f\u00fcr die Projektierung sowie die notwendige Dokumentation f\u00fcr die Ausschreibungsunterlagen erhalten.<\/span><span data-ccp-props=\"{&quot;335559738&quot;:240,&quot;335559739&quot;:240}\">\u00a0<\/span><\/p>\n\t\r\n<\/div><div class=\"vc_empty_space\"   style=\"height: 42px\"><span class=\"vc_empty_space_inner\"><\/span><\/div><div class=\"norebro-text-sc\" \r\n\tid=\"norebro-custom-6a9bd18c76951\" \r\n\t \r\n\t>\r\n\r\n\t<h2 style=\"font-weight: 400;\"><strong>Von der Idee zur fertigen L\u00f6sung<\/strong><\/h2>\n\t\r\n<\/div><div class=\"vc_empty_space\"   style=\"height: 22px\"><span class=\"vc_empty_space_inner\"><\/span><\/div><div class=\"norebro-text-sc\" \r\n\tid=\"norebro-custom-6a9bd18c769fe\" \r\n\t \r\n\t>\r\n\r\n\t<p style=\"font-weight: 400;\">Die beste L\u00f6sung entsteht, wenn Decke und Beleuchtung von Beginn des Projekts an zusammen gedacht werden. Mit fr\u00fchzeitiger Beratung, technischer Unterst\u00fctzung und der M\u00f6glichkeit kundenspezifischer L\u00f6sungen helfen wir, die Komplexit\u00e4t der Planung zu reduzieren und den architektonischen Ausdruck w\u00e4hrend des gesamten Projekts beizubehalten.<\/p>\n<p style=\"font-weight: 400;\">Stehen Sie vor einem Projekt mit integrierten Linienprofilen in einer abgeh\u00e4ngten Decke? Dann sprechen Sie uns bereits in der Planungsphase an. Gemeinsam finden wir die L\u00f6sung, die sowohl zur Architektur als auch zum Deckensystem und den technischen Anforderungen des Projekts passt.<\/p>\n\t\r\n<\/div><div class=\"vc_empty_space\"   style=\"height: 42px\"><span class=\"vc_empty_space_inner\"><\/span><\/div><\/div><\/div><\/div><div class=\"wpb_column vc_column_container vc_col-sm-4\"><div class=\"vc_column-inner\"><div class=\"wpb_wrapper\">\n\t<div  class=\"wpb_single_image wpb_content_element vc_align_left\">\n\t\t\n\t\t<figure class=\"wpb_wrapper vc_figure\">\n\t\t\t<div class=\"vc_single_image-wrapper   vc_box_border_grey\"><img loading=\"lazy\" decoding=\"async\" width=\"1333\" height=\"2000\" src=\"https:\/\/teamtronic.dk\/wp-content\/smush-webp\/2026\/05\/MG_0716.jpg.webp\" class=\"vc_single_image-img attachment-full\" alt=\"\" srcset=\"https:\/\/teamtronic.dk\/wp-content\/smush-webp\/2026\/05\/MG_0716.jpg.webp 1333w, https:\/\/teamtronic.dk\/wp-content\/smush-webp\/2026\/05\/MG_0716-200x300.jpg.webp 200w, https:\/\/teamtronic.dk\/wp-content\/smush-webp\/2026\/05\/MG_0716-682x1024.jpg.webp 682w, https:\/\/teamtronic.dk\/wp-content\/smush-webp\/2026\/05\/MG_0716-768x1152.jpg.webp 768w, https:\/\/teamtronic.dk\/wp-content\/smush-webp\/2026\/05\/MG_0716-1024x1536.jpg.webp 1024w, https:\/\/teamtronic.dk\/wp-content\/smush-webp\/2026\/05\/MG_0716-8x12.jpg.webp 8w\" sizes=\"auto, (max-width: 1333px) 100vw, 1333px\" \/><\/div>\n\t\t<\/figure>\n\t<\/div>\n<\/div><\/div><\/div><\/div><div class=\"vc_row wpb_row vc_row-fluid\"><div class=\"wpb_column vc_column_container vc_col-sm-12\"><div class=\"vc_column-inner\"><div class=\"wpb_wrapper\"><div class=\"vc_separator wpb_content_element vc_separator_align_center vc_sep_width_100 vc_sep_pos_align_center vc_separator_no_text vc_sep_color_grey\" ><span class=\"vc_sep_holder vc_sep_holder_l\"><span  class=\"vc_sep_line\"><\/span><\/span><span class=\"vc_sep_holder vc_sep_holder_r\"><span  class=\"vc_sep_line\"><\/span><\/span>\n<\/div><\/div><\/div><\/div><\/div><div class=\"vc_row wpb_row vc_row-fluid\"><div class=\"wpb_column vc_column_container vc_col-sm-12\"><div class=\"vc_column-inner\"><div class=\"wpb_wrapper\"><\/div><\/div><\/div><\/div><div class=\"vc_row wpb_row vc_row-fluid\"><div class=\"wpb_column vc_column_container vc_col-sm-12\"><div class=\"vc_column-inner\"><div class=\"wpb_wrapper\"><div class=\"vc_empty_space\"   style=\"height: 32px\"><span class=\"vc_empty_space_inner\"><\/span><\/div><\/div><\/div><\/div><\/div>","protected":false},"excerpt":{"rendered":"Synergien mellem loft og lys: S\u00e5dan minimeres risikoen i projekteringsfasen I st\u00f8rre byggeprojekter sker fejlene sj\u00e6ldent midt i det enkelte fagomr\u00e5de. De opst\u00e5r oftest der, hvor tingene skal m\u00f8des. S\u00e6rligt i gr\u00e6nsefladen mellem loftsystemer og integreret belysning kan der opst\u00e5 udfordringer under b\u00e5de nybyggeri og renovering, hvis l\u00f8sningerne ikke er t\u00e6nkt sammen fra projektets begyndelse. [...]","protected":false},"author":4,"featured_media":5676103,"comment_status":"closed","ping_status":"closed","sticky":false,"template":"","format":"standard","meta":{"_acf_changed":false,"_exactmetrics_skip_tracking":false,"_monsterinsights_skip_tracking":false,"footnotes":""},"categories":[1],"tags":[],"class_list":["post-5676311","post","type-post","status-publish","format-standard","has-post-thumbnail","hentry","category-ingen-kategori"],"acf":[],"yoast_head":"<!-- This site is optimized with the Yoast SEO Premium plugin v23.4 (Yoast SEO v28.3) - https:\/\/yoast.com\/product\/yoast-seo-premium-wordpress\/ -->\n<title>Synergien mellem loft og lys: S\u00e5dan minimeres risikoen i projekteringsfasen - Teamtronic.dk<\/title>\n<meta name=\"robots\" content=\"index, follow, max-snippet:-1, max-image-preview:large, max-video-preview:-1\" \/>\n<link rel=\"canonical\" href=\"https:\/\/teamtronic.dk\/de\/synergien-mellem-loft-og-lys-saadan-minimeres-risikoen-i-projekteringsfasen\/\" \/>\n<meta property=\"og:locale\" content=\"de_DE\" \/>\n<meta property=\"og:type\" content=\"article\" \/>\n<meta property=\"og:title\" content=\"Synergien mellem loft og lys: S\u00e5dan minimeres risikoen i projekteringsfasen\" \/>\n<meta property=\"og:url\" content=\"https:\/\/teamtronic.dk\/de\/synergien-mellem-loft-og-lys-saadan-minimeres-risikoen-i-projekteringsfasen\/\" \/>\n<meta property=\"og:site_name\" content=\"Teamtronic.dk\" \/>\n<meta property=\"article:published_time\" content=\"2026-07-10T12:49:19+00:00\" \/>\n<meta property=\"article:modified_time\" content=\"2026-08-06T11:58:16+00:00\" \/>\n<meta property=\"og:image\" content=\"https:\/\/teamtronic.dk\/wp-content\/uploads\/2026\/05\/DSC_0729.jpg\" \/>\n\t<meta property=\"og:image:width\" content=\"1024\" \/>\n\t<meta property=\"og:image:height\" content=\"683\" \/>\n\t<meta property=\"og:image:type\" content=\"image\/jpeg\" \/>\n<meta name=\"author\" content=\"Nanna Eckhoff\" \/>\n<meta name=\"twitter:card\" content=\"summary_large_image\" \/>\n<meta name=\"twitter:label1\" content=\"Verfasst von\" \/>\n\t<meta name=\"twitter:data1\" content=\"Nanna Eckhoff\" \/>\n\t<meta name=\"twitter:label2\" content=\"Gesch\u00e4tzte Lesezeit\" \/>\n\t<meta name=\"twitter:data2\" content=\"4\u00a0Minuten\" \/>\n<script type=\"application\/ld+json\" class=\"yoast-schema-graph\">{\"@context\":\"https:\\\/\\\/schema.org\",\"@graph\":[{\"@type\":\"Article\",\"@id\":\"https:\\\/\\\/teamtronic.dk\\\/synergien-mellem-loft-og-lys-saadan-minimeres-risikoen-i-projekteringsfasen\\\/#article\",\"isPartOf\":{\"@id\":\"https:\\\/\\\/teamtronic.dk\\\/synergien-mellem-loft-og-lys-saadan-minimeres-risikoen-i-projekteringsfasen\\\/\"},\"author\":{\"name\":\"Nanna Eckhoff\",\"@id\":\"https:\\\/\\\/teamtronic.dk\\\/#\\\/schema\\\/person\\\/385da237aee6b63b19977ebdd64d500d\"},\"headline\":\"Synergien mellem loft og lys: S\u00e5dan minimeres risikoen i projekteringsfasen\",\"datePublished\":\"2026-07-10T12:49:19+00:00\",\"dateModified\":\"2026-08-06T11:58:16+00:00\",\"mainEntityOfPage\":{\"@id\":\"https:\\\/\\\/teamtronic.dk\\\/synergien-mellem-loft-og-lys-saadan-minimeres-risikoen-i-projekteringsfasen\\\/\"},\"wordCount\":776,\"publisher\":{\"@id\":\"https:\\\/\\\/teamtronic.dk\\\/#organization\"},\"image\":{\"@id\":\"https:\\\/\\\/teamtronic.dk\\\/synergien-mellem-loft-og-lys-saadan-minimeres-risikoen-i-projekteringsfasen\\\/#primaryimage\"},\"thumbnailUrl\":\"https:\\\/\\\/teamtronic.dk\\\/wp-content\\\/uploads\\\/2026\\\/05\\\/DSC_0729.jpg\",\"articleSection\":[\"Ingen kategori\"],\"inLanguage\":\"de\"},{\"@type\":\"WebPage\",\"@id\":\"https:\\\/\\\/teamtronic.dk\\\/synergien-mellem-loft-og-lys-saadan-minimeres-risikoen-i-projekteringsfasen\\\/\",\"url\":\"https:\\\/\\\/teamtronic.dk\\\/synergien-mellem-loft-og-lys-saadan-minimeres-risikoen-i-projekteringsfasen\\\/\",\"name\":\"Synergien mellem loft og lys: S\u00e5dan minimeres risikoen i projekteringsfasen - Teamtronic.dk\",\"isPartOf\":{\"@id\":\"https:\\\/\\\/teamtronic.dk\\\/#website\"},\"primaryImageOfPage\":{\"@id\":\"https:\\\/\\\/teamtronic.dk\\\/synergien-mellem-loft-og-lys-saadan-minimeres-risikoen-i-projekteringsfasen\\\/#primaryimage\"},\"image\":{\"@id\":\"https:\\\/\\\/teamtronic.dk\\\/synergien-mellem-loft-og-lys-saadan-minimeres-risikoen-i-projekteringsfasen\\\/#primaryimage\"},\"thumbnailUrl\":\"https:\\\/\\\/teamtronic.dk\\\/wp-content\\\/uploads\\\/2026\\\/05\\\/DSC_0729.jpg\",\"datePublished\":\"2026-07-10T12:49:19+00:00\",\"dateModified\":\"2026-08-06T11:58:16+00:00\",\"breadcrumb\":{\"@id\":\"https:\\\/\\\/teamtronic.dk\\\/synergien-mellem-loft-og-lys-saadan-minimeres-risikoen-i-projekteringsfasen\\\/#breadcrumb\"},\"inLanguage\":\"de\",\"potentialAction\":[{\"@type\":\"ReadAction\",\"target\":[\"https:\\\/\\\/teamtronic.dk\\\/synergien-mellem-loft-og-lys-saadan-minimeres-risikoen-i-projekteringsfasen\\\/\"]}]},{\"@type\":\"ImageObject\",\"inLanguage\":\"de\",\"@id\":\"https:\\\/\\\/teamtronic.dk\\\/synergien-mellem-loft-og-lys-saadan-minimeres-risikoen-i-projekteringsfasen\\\/#primaryimage\",\"url\":\"https:\\\/\\\/teamtronic.dk\\\/wp-content\\\/uploads\\\/2026\\\/05\\\/DSC_0729.jpg\",\"contentUrl\":\"https:\\\/\\\/teamtronic.dk\\\/wp-content\\\/uploads\\\/2026\\\/05\\\/DSC_0729.jpg\",\"width\":1024,\"height\":683},{\"@type\":\"BreadcrumbList\",\"@id\":\"https:\\\/\\\/teamtronic.dk\\\/synergien-mellem-loft-og-lys-saadan-minimeres-risikoen-i-projekteringsfasen\\\/#breadcrumb\",\"itemListElement\":[{\"@type\":\"ListItem\",\"position\":1,\"name\":\"Hjem\",\"item\":\"https:\\\/\\\/teamtronic.dk\\\/\"},{\"@type\":\"ListItem\",\"position\":2,\"name\":\"Synergien mellem loft og lys: S\u00e5dan minimeres risikoen i projekteringsfasen\"}]},{\"@type\":\"WebSite\",\"@id\":\"https:\\\/\\\/teamtronic.dk\\\/#website\",\"url\":\"https:\\\/\\\/teamtronic.dk\\\/\",\"name\":\"Teamtronic.dk\",\"description\":\"Teamtronic - Specialister i belysning, b\u00e5de indoor og outdoor\",\"publisher\":{\"@id\":\"https:\\\/\\\/teamtronic.dk\\\/#organization\"},\"potentialAction\":[{\"@type\":\"SearchAction\",\"target\":{\"@type\":\"EntryPoint\",\"urlTemplate\":\"https:\\\/\\\/teamtronic.dk\\\/?s={search_term_string}\"},\"query-input\":{\"@type\":\"PropertyValueSpecification\",\"valueRequired\":true,\"valueName\":\"search_term_string\"}}],\"inLanguage\":\"de\"},{\"@type\":\"Organization\",\"@id\":\"https:\\\/\\\/teamtronic.dk\\\/#organization\",\"name\":\"Teamtronic\",\"url\":\"https:\\\/\\\/teamtronic.dk\\\/\",\"logo\":{\"@type\":\"ImageObject\",\"inLanguage\":\"de\",\"@id\":\"https:\\\/\\\/teamtronic.dk\\\/#\\\/schema\\\/logo\\\/image\\\/\",\"url\":\"https:\\\/\\\/teamtronic.dk\\\/wp-content\\\/uploads\\\/2021\\\/02\\\/Logo-sort.png\",\"contentUrl\":\"https:\\\/\\\/teamtronic.dk\\\/wp-content\\\/uploads\\\/2021\\\/02\\\/Logo-sort.png\",\"width\":685,\"height\":156,\"caption\":\"Teamtronic\"},\"image\":{\"@id\":\"https:\\\/\\\/teamtronic.dk\\\/#\\\/schema\\\/logo\\\/image\\\/\"},\"sameAs\":[\"https:\\\/\\\/www.linkedin.com\\\/company\\\/43354799\\\/admin\\\/feed\\\/posts\\\/\"]},{\"@type\":\"Person\",\"@id\":\"https:\\\/\\\/teamtronic.dk\\\/#\\\/schema\\\/person\\\/385da237aee6b63b19977ebdd64d500d\",\"name\":\"Nanna Eckhoff\",\"image\":{\"@type\":\"ImageObject\",\"inLanguage\":\"de\",\"@id\":\"https:\\\/\\\/secure.gravatar.com\\\/avatar\\\/db75ea8ea60e4daa386b5da002044be647e8b17e4835b95d02569f916acac0c1?s=96&d=mm&r=g\",\"url\":\"https:\\\/\\\/secure.gravatar.com\\\/avatar\\\/db75ea8ea60e4daa386b5da002044be647e8b17e4835b95d02569f916acac0c1?s=96&d=mm&r=g\",\"contentUrl\":\"https:\\\/\\\/secure.gravatar.com\\\/avatar\\\/db75ea8ea60e4daa386b5da002044be647e8b17e4835b95d02569f916acac0c1?s=96&d=mm&r=g\",\"caption\":\"Nanna Eckhoff\"},\"url\":\"https:\\\/\\\/teamtronic.dk\\\/de\\\/author\\\/nanna\\\/\"}]}<\/script>\n<!-- \/ Yoast SEO Premium plugin. -->","yoast_head_json":{"title":"Synergien zwischen Decke und Licht: So minimieren Sie Risiken in der Planungsphase \u2013 Teamtronic.dk","robots":{"index":"index","follow":"follow","max-snippet":"max-snippet:-1","max-image-preview":"max-image-preview:large","max-video-preview":"max-video-preview:-1"},"canonical":"https:\/\/teamtronic.dk\/de\/synergien-mellem-loft-og-lys-saadan-minimeres-risikoen-i-projekteringsfasen\/","og_locale":"de_DE","og_type":"article","og_title":"Synergien mellem loft og lys: S\u00e5dan minimeres risikoen i projekteringsfasen","og_url":"https:\/\/teamtronic.dk\/de\/synergien-mellem-loft-og-lys-saadan-minimeres-risikoen-i-projekteringsfasen\/","og_site_name":"Teamtronic.dk","article_published_time":"2026-07-10T12:49:19+00:00","article_modified_time":"2026-08-06T11:58:16+00:00","og_image":[{"width":1024,"height":683,"url":"https:\/\/teamtronic.dk\/wp-content\/uploads\/2026\/05\/DSC_0729.jpg","type":"image\/jpeg"}],"author":"Nanna Eckhoff","twitter_card":"summary_large_image","twitter_misc":{"Verfasst von":"Nanna Eckhoff","Gesch\u00e4tzte Lesezeit":"4\u00a0Minuten"},"schema":{"@context":"https:\/\/schema.org","@graph":[{"@type":"Article","@id":"https:\/\/teamtronic.dk\/synergien-mellem-loft-og-lys-saadan-minimeres-risikoen-i-projekteringsfasen\/#article","isPartOf":{"@id":"https:\/\/teamtronic.dk\/synergien-mellem-loft-og-lys-saadan-minimeres-risikoen-i-projekteringsfasen\/"},"author":{"name":"Nanna Eckhoff","@id":"https:\/\/teamtronic.dk\/#\/schema\/person\/385da237aee6b63b19977ebdd64d500d"},"headline":"Synergien mellem loft og lys: S\u00e5dan minimeres risikoen i projekteringsfasen","datePublished":"2026-07-10T12:49:19+00:00","dateModified":"2026-08-06T11:58:16+00:00","mainEntityOfPage":{"@id":"https:\/\/teamtronic.dk\/synergien-mellem-loft-og-lys-saadan-minimeres-risikoen-i-projekteringsfasen\/"},"wordCount":776,"publisher":{"@id":"https:\/\/teamtronic.dk\/#organization"},"image":{"@id":"https:\/\/teamtronic.dk\/synergien-mellem-loft-og-lys-saadan-minimeres-risikoen-i-projekteringsfasen\/#primaryimage"},"thumbnailUrl":"https:\/\/teamtronic.dk\/wp-content\/uploads\/2026\/05\/DSC_0729.jpg","articleSection":["Ingen kategori"],"inLanguage":"de"},{"@type":"WebPage","@id":"https:\/\/teamtronic.dk\/synergien-mellem-loft-og-lys-saadan-minimeres-risikoen-i-projekteringsfasen\/","url":"https:\/\/teamtronic.dk\/synergien-mellem-loft-og-lys-saadan-minimeres-risikoen-i-projekteringsfasen\/","name":"Synergien zwischen Decke und Licht: So minimieren Sie Risiken in der Planungsphase \u2013 Teamtronic.dk","isPartOf":{"@id":"https:\/\/teamtronic.dk\/#website"},"primaryImageOfPage":{"@id":"https:\/\/teamtronic.dk\/synergien-mellem-loft-og-lys-saadan-minimeres-risikoen-i-projekteringsfasen\/#primaryimage"},"image":{"@id":"https:\/\/teamtronic.dk\/synergien-mellem-loft-og-lys-saadan-minimeres-risikoen-i-projekteringsfasen\/#primaryimage"},"thumbnailUrl":"https:\/\/teamtronic.dk\/wp-content\/uploads\/2026\/05\/DSC_0729.jpg","datePublished":"2026-07-10T12:49:19+00:00","dateModified":"2026-08-06T11:58:16+00:00","breadcrumb":{"@id":"https:\/\/teamtronic.dk\/synergien-mellem-loft-og-lys-saadan-minimeres-risikoen-i-projekteringsfasen\/#breadcrumb"},"inLanguage":"de","potentialAction":[{"@type":"ReadAction","target":["https:\/\/teamtronic.dk\/synergien-mellem-loft-og-lys-saadan-minimeres-risikoen-i-projekteringsfasen\/"]}]},{"@type":"ImageObject","inLanguage":"de","@id":"https:\/\/teamtronic.dk\/synergien-mellem-loft-og-lys-saadan-minimeres-risikoen-i-projekteringsfasen\/#primaryimage","url":"https:\/\/teamtronic.dk\/wp-content\/uploads\/2026\/05\/DSC_0729.jpg","contentUrl":"https:\/\/teamtronic.dk\/wp-content\/uploads\/2026\/05\/DSC_0729.jpg","width":1024,"height":683},{"@type":"BreadcrumbList","@id":"https:\/\/teamtronic.dk\/synergien-mellem-loft-og-lys-saadan-minimeres-risikoen-i-projekteringsfasen\/#breadcrumb","itemListElement":[{"@type":"ListItem","position":1,"name":"Hjem","item":"https:\/\/teamtronic.dk\/"},{"@type":"ListItem","position":2,"name":"Synergien mellem loft og lys: S\u00e5dan minimeres risikoen i projekteringsfasen"}]},{"@type":"WebSite","@id":"https:\/\/teamtronic.dk\/#website","url":"https:\/\/teamtronic.dk\/","name":"Teamtronic.de","description":"Teamtronic - Spezialisten f\u00fcr Innen- und Au\u00dfenbeleuchtung","publisher":{"@id":"https:\/\/teamtronic.dk\/#organization"},"potentialAction":[{"@type":"SearchAction","target":{"@type":"EntryPoint","urlTemplate":"https:\/\/teamtronic.dk\/?s={search_term_string}"},"query-input":{"@type":"PropertyValueSpecification","valueRequired":true,"valueName":"search_term_string"}}],"inLanguage":"de"},{"@type":"Organization","@id":"https:\/\/teamtronic.dk\/#organization","name":"Teamtronic","url":"https:\/\/teamtronic.dk\/","logo":{"@type":"ImageObject","inLanguage":"de","@id":"https:\/\/teamtronic.dk\/#\/schema\/logo\/image\/","url":"https:\/\/teamtronic.dk\/wp-content\/uploads\/2021\/02\/Logo-sort.png","contentUrl":"https:\/\/teamtronic.dk\/wp-content\/uploads\/2021\/02\/Logo-sort.png","width":685,"height":156,"caption":"Teamtronic"},"image":{"@id":"https:\/\/teamtronic.dk\/#\/schema\/logo\/image\/"},"sameAs":["https:\/\/www.linkedin.com\/company\/43354799\/admin\/feed\/posts\/"]},{"@type":"Person","@id":"https:\/\/teamtronic.dk\/#\/schema\/person\/385da237aee6b63b19977ebdd64d500d","name":"Nanna Eckhoff","image":{"@type":"ImageObject","inLanguage":"de","@id":"https:\/\/secure.gravatar.com\/avatar\/db75ea8ea60e4daa386b5da002044be647e8b17e4835b95d02569f916acac0c1?s=96&d=mm&r=g","url":"https:\/\/secure.gravatar.com\/avatar\/db75ea8ea60e4daa386b5da002044be647e8b17e4835b95d02569f916acac0c1?s=96&d=mm&r=g","contentUrl":"https:\/\/secure.gravatar.com\/avatar\/db75ea8ea60e4daa386b5da002044be647e8b17e4835b95d02569f916acac0c1?s=96&d=mm&r=g","caption":"Nanna Eckhoff"},"url":"https:\/\/teamtronic.dk\/de\/author\/nanna\/"}]}},"_links":{"self":[{"href":"https:\/\/teamtronic.dk\/de\/wp-json\/wp\/v2\/posts\/5676311","targetHints":{"allow":["GET"]}}],"collection":[{"href":"https:\/\/teamtronic.dk\/de\/wp-json\/wp\/v2\/posts"}],"about":[{"href":"https:\/\/teamtronic.dk\/de\/wp-json\/wp\/v2\/types\/post"}],"author":[{"embeddable":true,"href":"https:\/\/teamtronic.dk\/de\/wp-json\/wp\/v2\/users\/4"}],"replies":[{"embeddable":true,"href":"https:\/\/teamtronic.dk\/de\/wp-json\/wp\/v2\/comments?post=5676311"}],"version-history":[{"count":21,"href":"https:\/\/teamtronic.dk\/de\/wp-json\/wp\/v2\/posts\/5676311\/revisions"}],"predecessor-version":[{"id":5676346,"href":"https:\/\/teamtronic.dk\/de\/wp-json\/wp\/v2\/posts\/5676311\/revisions\/5676346"}],"wp:featuredmedia":[{"embeddable":true,"href":"https:\/\/teamtronic.dk\/de\/wp-json\/wp\/v2\/media\/5676103"}],"wp:attachment":[{"href":"https:\/\/teamtronic.dk\/de\/wp-json\/wp\/v2\/media?parent=5676311"}],"wp:term":[{"taxonomy":"category","embeddable":true,"href":"https:\/\/teamtronic.dk\/de\/wp-json\/wp\/v2\/categories?post=5676311"},{"taxonomy":"post_tag","embeddable":true,"href":"https:\/\/teamtronic.dk\/de\/wp-json\/wp\/v2\/tags?post=5676311"}],"curies":[{"name":"wp","href":"https:\/\/api.w.org\/{rel}","templated":true}]}}